{"id":11025,"date":"2025-06-27T12:03:46","date_gmt":"2025-06-27T10:03:46","guid":{"rendered":"https:\/\/grupoalacant.com\/helados-alacant-obtiene-el-certificado-del-sistema-de-gestion-de-residuo-cero-en-su-fabrica-de-san-vicente-del-raspeig\/"},"modified":"2025-11-27T11:25:25","modified_gmt":"2025-11-27T10:25:25","slug":"helados-alacant-obtiene-el-certificado-del-sistema-de-gestion-de-residuo-cero-en-su-fabrica-de-san-vicente-del-raspeig","status":"publish","type":"post","link":"https:\/\/grupoalacant.com\/en\/helados-alacant-obtiene-el-certificado-del-sistema-de-gestion-de-residuo-cero-en-su-fabrica-de-san-vicente-del-raspeig\/","title":{"rendered":"Helados Alacant obtiene el Certificado del Sistema de Gesti\u00f3n de Residuo Cero en su f\u00e1brica de San Vicente del Raspeig"},"content":{"rendered":"\n<p>Nuestra f\u00e1brica ubicada en San Vicente del Raspeig ha obtenido el Certificado del Sistema de Gesti\u00f3n de Residuo Cero, un reconocimiento que pone en valor nuestro compromiso constante con la sostenibilidad y la econom\u00eda circular.<\/p>\n\n\n\n<p>Este certificado acredita que gestionamos de forma responsable todos los residuos generados en nuestras instalaciones, cumpliendo con los m\u00e1s altos est\u00e1ndares ambientales y legales. En concreto, se certifica que:<\/p>\n\n\n\n<ul class=\"wp-block-list\">\n<li>Valorizamos m\u00e1s del 90\u202f% de nuestros residuos, lo que significa que evitamos su env\u00edo a vertedero, fomentando su reciclaje y reutilizaci\u00f3n.<\/li>\n\n\n\n<li>Contamos con un sistema documentado que garantiza el control, la trazabilidad y la correcta valorizaci\u00f3n de los residuos generados durante nuestro proceso productivo.<\/li>\n\n\n\n<li>Cumplimos rigurosamente con la normativa vigente, tanto en materia legal como medioambiental.<\/li>\n\n\n\n<li>Avanzamos hacia una econom\u00eda circular, en la que los residuos dejan de ser un desecho para convertirse en nuevos recursos dentro del propio ciclo productivo.<\/li>\n<\/ul>\n\n\n\n<p>Este logro es fruto del esfuerzo conjunto de todo el equipo de Helados Alacant y refuerza nuestra estrategia de sostenibilidad, que pone el foco en la innovaci\u00f3n, la eficiencia y el respeto por el entorno.<\/p>\n\n\n\n<p>Seguimos trabajando para ofrecer productos de calidad, comprometidos con el medioambiente y con un modelo de producci\u00f3n cada vez m\u00e1s responsable.<\/p>\n\n\n\n<figure class=\"wp-block-image size-medium\"><img loading=\"lazy\" decoding=\"async\" width=\"212\" height=\"300\" src=\"https:\/\/grupoalacant.com\/wp-content\/uploads\/2025\/11\/6547_01_2025_ZW_Sign_page-0001-212x300.jpg\" alt=\"\" class=\"wp-image-10999\" srcset=\"https:\/\/grupoalacant.com\/wp-content\/uploads\/2025\/11\/6547_01_2025_ZW_Sign_page-0001-212x300.jpg 212w, https:\/\/grupoalacant.com\/wp-content\/uploads\/2025\/11\/6547_01_2025_ZW_Sign_page-0001-724x1024.jpg 724w, https:\/\/grupoalacant.com\/wp-content\/uploads\/2025\/11\/6547_01_2025_ZW_Sign_page-0001-768x1086.jpg 768w, https:\/\/grupoalacant.com\/wp-content\/uploads\/2025\/11\/6547_01_2025_ZW_Sign_page-0001-1087x1536.jpg 1087w, https:\/\/grupoalacant.com\/wp-content\/uploads\/2025\/11\/6547_01_2025_ZW_Sign_page-0001-1449x2048.jpg 1449w, https:\/\/grupoalacant.com\/wp-content\/uploads\/2025\/11\/6547_01_2025_ZW_Sign_page-0001.jpg 1755w\" sizes=\"auto, (max-width: 212px) 100vw, 212px\" \/><\/figure>\n","protected":false},"excerpt":{"rendered":"<p>Nuestra f\u00e1brica ubicada en San Vicente del Raspeig ha obtenido el Certificado del Sistema de Gesti\u00f3n de Residuo Cero, un reconocimiento que pone en valor nuestro compromiso constante con la sostenibilidad y la econom\u00eda circular. Este certificado acredita que gestionamos de forma responsable todos los residuos generados en nuestras instalaciones, cumpliendo con los m\u00e1s altos [&hellip;]<\/p>\n","protected":false},"author":319,"featured_media":11004,"comment_status":"closed","ping_status":"open","sticky":false,"template":"","format":"standard","meta":{"footnotes":""},"categories":[114,115],"tags":[],"class_list":["post-11025","post","type-post","status-publish","format-standard","has-post-thumbnail","hentry","category-noticias-generales-en","category-noticias-medioambiente-en"],"_links":{"self":[{"href":"https:\/\/grupoalacant.com\/en\/wp-json\/wp\/v2\/posts\/11025","targetHints":{"allow":["GET"]}}],"collection":[{"href":"https:\/\/grupoalacant.com\/en\/wp-json\/wp\/v2\/posts"}],"about":[{"href":"https:\/\/grupoalacant.com\/en\/wp-json\/wp\/v2\/types\/post"}],"author":[{"embeddable":true,"href":"https:\/\/grupoalacant.com\/en\/wp-json\/wp\/v2\/users\/319"}],"replies":[{"embeddable":true,"href":"https:\/\/grupoalacant.com\/en\/wp-json\/wp\/v2\/comments?post=11025"}],"version-history":[{"count":1,"href":"https:\/\/grupoalacant.com\/en\/wp-json\/wp\/v2\/posts\/11025\/revisions"}],"predecessor-version":[{"id":11026,"href":"https:\/\/grupoalacant.com\/en\/wp-json\/wp\/v2\/posts\/11025\/revisions\/11026"}],"wp:featuredmedia":[{"embeddable":true,"href":"https:\/\/grupoalacant.com\/en\/wp-json\/wp\/v2\/media\/11004"}],"wp:attachment":[{"href":"https:\/\/grupoalacant.com\/en\/wp-json\/wp\/v2\/media?parent=11025"}],"wp:term":[{"taxonomy":"category","embeddable":true,"href":"https:\/\/grupoalacant.com\/en\/wp-json\/wp\/v2\/categories?post=11025"},{"taxonomy":"post_tag","embeddable":true,"href":"https:\/\/grupoalacant.com\/en\/wp-json\/wp\/v2\/tags?post=11025"}],"curies":[{"name":"wp","href":"https:\/\/api.w.org\/{rel}","templated":true}]}}